{"id":157,"date":"2015-07-25T08:35:00","date_gmt":"2015-07-25T06:35:00","guid":{"rendered":"https:\/\/verband-deutscher-falkner.de\/rpsl\/?p=157"},"modified":"2024-01-07T09:35:06","modified_gmt":"2024-01-07T08:35:06","slug":"sommerfest-vdf-rheinland-pfalz-saarland","status":"publish","type":"post","link":"https:\/\/verband-deutscher-falkner.de\/rpsl\/2015\/07\/25\/sommerfest-vdf-rheinland-pfalz-saarland\/","title":{"rendered":"Sommerfest VDF Rheinland-Pfalz\/Saarland"},"content":{"rendered":"\n<p>Am Samstag, 25.07.2015 fand unser diesj\u00e4hriges Sommerfest in Enkenbach-Alsenborn statt. \u00dcber 30 Mitglieder und G\u00e4ste waren gekommen und nahmen interessiert an unserem Vortragsangebot \u00fcber Beizvogelmedizin teil. Greifvogel-Fachtier\u00e4rztin Dr. Karolin Zebisch vom VDF Baden-W\u00fcrttemberg referierte sehr kompetent \u00fcber h\u00e4ufige Erkrankungen, Gesundheitsmanagement und \u2013prophylaxe, sowie \u00fcber Erste Hilfe und die Grundversorgung verungl\u00fcckter Beizv\u00f6gel. Im Anschluss demonstrierte Dolf Seinhorst von Dutch Radio Engineering ( DRE;&nbsp;<a href=\"http:\/\/www.dutchradioengineering.nl\/\">www.dutchradioengineering.nl<\/a>&nbsp;) eindrucksvoll und \u00fcberzeugend seine aktuellen Entwicklungen im Bereich der Beizvogeltelemetrie.<\/p>\n\n\n\n<p>F\u00fcr das leibliche Wohl war von den Organisatoren Rudi Lehmann, Axel Jeblick und Harry Anton hervorragend gesorgt worden. Bei bester Laune fand das Sommerfest 2015 am sp\u00e4teren Abend einen w\u00fcrdigen Ausklang.<\/p>\n","protected":false},"excerpt":{"rendered":"<p>Am Samstag, 25.07.2015 fand unser diesj\u00e4hriges Sommerfest in Enkenbach-Alsenborn statt. \u00dcber 30 Mitglieder und G\u00e4ste waren gekommen und nahmen interessiert an unserem Vortragsangebot \u00fcber Beizvogelmedizin teil. Greifvogel-Fachtier\u00e4rztin Dr. Karolin Zebisch vom VDF Baden-W\u00fcrttemberg referierte&#46;&#46;&#46;<\/p>\n","protected":false},"author":10,"featured_media":0,"comment_status":"closed","ping_status":"open","sticky":false,"template":"","format":"standard","meta":{"_uag_custom_page_level_css":"","_coblocks_attr":"","_coblocks_dimensions":"","_coblocks_responsive_height":"","_coblocks_accordion_ie_support":"","pgc_sgb_lightbox_settings":"","footnotes":""},"categories":[8],"tags":[10,11,9],"class_list":["post-157","post","type-post","status-publish","format-standard","hentry","category-archiv","tag-rheinland-pfalz","tag-saarland","tag-sommerfest"],"uagb_featured_image_src":{"full":false,"thumbnail":false,"medium":false,"medium_large":false,"large":false,"1536x1536":false,"2048x2048":false,"thumb-small":false,"thumb-standard":false,"thumb-medium":false,"thumb-large":false,"thumb-xlarge":false,"thumb-xxlarge":false},"uagb_author_info":{"display_name":"Kerstin Luxburg","author_link":"https:\/\/verband-deutscher-falkner.de\/rpsl\/author\/kerstinluxburg\/"},"uagb_comment_info":0,"uagb_excerpt":"Am Samstag, 25.07.2015 fand unser diesj\u00e4hriges Sommerfest in Enkenbach-Alsenborn statt. \u00dcber 30 Mitglieder und G\u00e4ste waren gekommen und nahmen interessiert an unserem Vortragsangebot \u00fcber Beizvogelmedizin teil. Greifvogel-Fachtier\u00e4rztin Dr. Karolin Zebisch vom VDF Baden-W\u00fcrttemberg referierte&#46;&#46;&#46;","_links":{"self":[{"href":"https:\/\/verband-deutscher-falkner.de\/rpsl\/wp-json\/wp\/v2\/posts\/157","targetHints":{"allow":["GET"]}}],"collection":[{"href":"https:\/\/verband-deutscher-falkner.de\/rpsl\/wp-json\/wp\/v2\/posts"}],"about":[{"href":"https:\/\/verband-deutscher-falkner.de\/rpsl\/wp-json\/wp\/v2\/types\/post"}],"author":[{"embeddable":true,"href":"https:\/\/verband-deutscher-falkner.de\/rpsl\/wp-json\/wp\/v2\/users\/10"}],"replies":[{"embeddable":true,"href":"https:\/\/verband-deutscher-falkner.de\/rpsl\/wp-json\/wp\/v2\/comments?post=157"}],"version-history":[{"count":2,"href":"https:\/\/verband-deutscher-falkner.de\/rpsl\/wp-json\/wp\/v2\/posts\/157\/revisions"}],"predecessor-version":[{"id":175,"href":"https:\/\/verband-deutscher-falkner.de\/rpsl\/wp-json\/wp\/v2\/posts\/157\/revisions\/175"}],"wp:attachment":[{"href":"https:\/\/verband-deutscher-falkner.de\/rpsl\/wp-json\/wp\/v2\/media?parent=157"}],"wp:term":[{"taxonomy":"category","embeddable":true,"href":"https:\/\/verband-deutscher-falkner.de\/rpsl\/wp-json\/wp\/v2\/categories?post=157"},{"taxonomy":"post_tag","embeddable":true,"href":"https:\/\/verband-deutscher-falkner.de\/rpsl\/wp-json\/wp\/v2\/tags?post=157"}],"curies":[{"name":"wp","href":"https:\/\/api.w.org\/{rel}","templated":true}]}}