{"id":168,"date":"2015-04-25T08:56:00","date_gmt":"2015-04-25T06:56:00","guid":{"rendered":"https:\/\/verband-deutscher-falkner.de\/rpsl\/?p=168"},"modified":"2024-01-07T09:38:20","modified_gmt":"2024-01-07T08:38:20","slug":"jahreshauptversammlung-vdf-rheinland-pfalz-saarland-2015","status":"publish","type":"post","link":"https:\/\/verband-deutscher-falkner.de\/rpsl\/2015\/04\/25\/jahreshauptversammlung-vdf-rheinland-pfalz-saarland-2015\/","title":{"rendered":"Jahreshauptversammlung VDF Rheinland-Pfalz\/Saarland 2015"},"content":{"rendered":"\n<p>Am Samstag 25. April 2015 fand die gut besuchte Jahreshauptversammlung des VDF-Landesverbandes Rheinland-Pfalz\/Saarland in Ramstein-Miesenbach statt.<\/p>\n\n\n\n<p>Der LV-Vorsitzende Rudolf Lehmann begr\u00fc\u00dfte die angereisten Mitglieder und G\u00e4ste im Namen des Vorstandes und gab einen ausf\u00fchrlichen Bericht \u00fcber das vergangene Verbandsjahr und die ausgelaufene Beizjagdsaison.<\/p>\n\n\n\n<p>Besonders zufrieden zeigte sich Lehmann mit den Ergebnissen der Kaninchenbeize 2014\/2015 und der Entwicklung der Wildbest\u00e4nde im Lande. In diesem Kontext wurde dem Obmann f\u00fcr Jagdorganisation Harry Anton nochmals besonders f\u00fcr sein herausragendes Engagement gedankt: Es war ihm gelungen, f\u00fcr die aktiven Beizj\u00e4ger des LV &nbsp;an jedem Wochenende der Saison exzellente Jagdm\u00f6glichkeiten auf Kaninchen (und Hasen) zu vereinbaren.<\/p>\n\n\n\n<p>Nach der Jahresretrospektive wurde der Stand aktueller Verbandsprojekte dargestellt und diskutiert, sowie Ziele und Aufgaben f\u00fcr das laufende Jahr definiert. Im Anschluss wurden die f\u00fcr 2015\/2016 anstehenden Veranstaltungen wie Landesverbandsbeizjagden, VDF-Adlerbeize auf Hasen, sowie der Sommerstammtisch mit Fachvortrag \u00fcber Greifvogelmedizin besprochen und terminiert.<\/p>\n\n\n\n<p>Zur Unterst\u00fctzung des bisherigen LV-Vorstandes wurde zus\u00e4tzlich Daniel Luchsberg als Gesch\u00e4ftsf\u00fchrer des Landesverbandes gew\u00e4hlt. Letzterer hielt im Anschluss an den offiziellen Teil der Tagung auch einen vielbeachteten Vortrag zum Thema \u201eTierschutz und Falknerei\u201c.<\/p>\n\n\n\n<p>Als neue Mitglieder wurden begr\u00fc\u00dft: Reinhold K\u00f6rner, Eckhard Schade, Jennifer G\u00e4gel und Karl Deininger.<\/p>\n\n\n\n<p>Bei bester Stimmung fand die Versammlung am sp\u00e4teren Abend einen kameradschaftlichen Ausklang.<\/p>\n\n\n\n<figure class=\"wp-block-gallery has-nested-images columns-default is-cropped wp-block-gallery-1 is-layout-flex wp-block-gallery-is-layout-flex\">\n<figure class=\"wp-block-image size-large has-lightbox\"><img decoding=\"async\" width=\"200\" height=\"133\" data-id=\"173\" data-src=\"https:\/\/verband-deutscher-falkner.de\/rpsl\/wp-content\/uploads\/sites\/5\/2024\/01\/Verband-Deutscher-Falkner-Jahreshauptversammlung-2015-Harry-Anton-vergnuegt-10c509ea.jpg\" alt=\"\" class=\"wp-image-173 lazyload\" src=\"data:image\/gif;base64,R0lGODlhAQABAAAAACH5BAEKAAEALAAAAAABAAEAAAICTAEAOw==\" style=\"--smush-placeholder-width: 200px; --smush-placeholder-aspect-ratio: 200\/133;\" \/><\/figure>\n\n\n\n<figure class=\"wp-block-image size-large\"><img decoding=\"async\" width=\"200\" height=\"133\" data-id=\"169\" data-src=\"https:\/\/verband-deutscher-falkner.de\/rpsl\/wp-content\/uploads\/sites\/5\/2024\/01\/Verband-Deutscher-Falkner-Jahreshauptversammlung-2015-Sabine-und-Axel-Jeblick-f18c7e08.jpg\" alt=\"\" class=\"wp-image-169 lazyload\" src=\"data:image\/gif;base64,R0lGODlhAQABAAAAACH5BAEKAAEALAAAAAABAAEAAAICTAEAOw==\" style=\"--smush-placeholder-width: 200px; --smush-placeholder-aspect-ratio: 200\/133;\" \/><\/figure>\n\n\n\n<figure class=\"wp-block-image size-large\"><img decoding=\"async\" width=\"200\" height=\"133\" data-id=\"170\" data-src=\"https:\/\/verband-deutscher-falkner.de\/rpsl\/wp-content\/uploads\/sites\/5\/2024\/01\/Verband-Deutscher-Falkner-Jahreshauptversammlung-2015-Vortrag-7ee89233.jpg\" alt=\"\" class=\"wp-image-170 lazyload\" src=\"data:image\/gif;base64,R0lGODlhAQABAAAAACH5BAEKAAEALAAAAAABAAEAAAICTAEAOw==\" style=\"--smush-placeholder-width: 200px; --smush-placeholder-aspect-ratio: 200\/133;\" \/><\/figure>\n<\/figure>\n","protected":false},"excerpt":{"rendered":"<p>Am Samstag 25. April 2015 fand die gut besuchte Jahreshauptversammlung des VDF-Landesverbandes Rheinland-Pfalz\/Saarland in Ramstein-Miesenbach statt. Der LV-Vorsitzende Rudolf Lehmann begr\u00fc\u00dfte die angereisten Mitglieder und G\u00e4ste im Namen des Vorstandes und gab einen ausf\u00fchrlichen&#46;&#46;&#46;<\/p>\n","protected":false},"author":10,"featured_media":0,"comment_status":"closed","ping_status":"open","sticky":false,"template":"","format":"standard","meta":{"_uag_custom_page_level_css":"","_coblocks_attr":"","_coblocks_dimensions":"","_coblocks_responsive_height":"","_coblocks_accordion_ie_support":"","pgc_sgb_lightbox_settings":"","footnotes":""},"categories":[8],"tags":[12,10,11],"class_list":["post-168","post","type-post","status-publish","format-standard","hentry","category-archiv","tag-hauptversammlung","tag-rheinland-pfalz","tag-saarland"],"uagb_featured_image_src":{"full":false,"thumbnail":false,"medium":false,"medium_large":false,"large":false,"1536x1536":false,"2048x2048":false,"thumb-small":false,"thumb-standard":false,"thumb-medium":false,"thumb-large":false,"thumb-xlarge":false,"thumb-xxlarge":false},"uagb_author_info":{"display_name":"Kerstin Luxburg","author_link":"https:\/\/verband-deutscher-falkner.de\/rpsl\/author\/kerstinluxburg\/"},"uagb_comment_info":0,"uagb_excerpt":"Am Samstag 25. April 2015 fand die gut besuchte Jahreshauptversammlung des VDF-Landesverbandes Rheinland-Pfalz\/Saarland in Ramstein-Miesenbach statt. Der LV-Vorsitzende Rudolf Lehmann begr\u00fc\u00dfte die angereisten Mitglieder und G\u00e4ste im Namen des Vorstandes und gab einen ausf\u00fchrlichen&#46;&#46;&#46;","_links":{"self":[{"href":"https:\/\/verband-deutscher-falkner.de\/rpsl\/wp-json\/wp\/v2\/posts\/168","targetHints":{"allow":["GET"]}}],"collection":[{"href":"https:\/\/verband-deutscher-falkner.de\/rpsl\/wp-json\/wp\/v2\/posts"}],"about":[{"href":"https:\/\/verband-deutscher-falkner.de\/rpsl\/wp-json\/wp\/v2\/types\/post"}],"author":[{"embeddable":true,"href":"https:\/\/verband-deutscher-falkner.de\/rpsl\/wp-json\/wp\/v2\/users\/10"}],"replies":[{"embeddable":true,"href":"https:\/\/verband-deutscher-falkner.de\/rpsl\/wp-json\/wp\/v2\/comments?post=168"}],"version-history":[{"count":2,"href":"https:\/\/verband-deutscher-falkner.de\/rpsl\/wp-json\/wp\/v2\/posts\/168\/revisions"}],"predecessor-version":[{"id":176,"href":"https:\/\/verband-deutscher-falkner.de\/rpsl\/wp-json\/wp\/v2\/posts\/168\/revisions\/176"}],"wp:attachment":[{"href":"https:\/\/verband-deutscher-falkner.de\/rpsl\/wp-json\/wp\/v2\/media?parent=168"}],"wp:term":[{"taxonomy":"category","embeddable":true,"href":"https:\/\/verband-deutscher-falkner.de\/rpsl\/wp-json\/wp\/v2\/categories?post=168"},{"taxonomy":"post_tag","embeddable":true,"href":"https:\/\/verband-deutscher-falkner.de\/rpsl\/wp-json\/wp\/v2\/tags?post=168"}],"curies":[{"name":"wp","href":"https:\/\/api.w.org\/{rel}","templated":true}]}}