{"id":177,"date":"2014-11-23T09:38:00","date_gmt":"2014-11-23T08:38:00","guid":{"rendered":"https:\/\/verband-deutscher-falkner.de\/rpsl\/?p=177"},"modified":"2024-01-07T09:42:47","modified_gmt":"2024-01-07T08:42:47","slug":"herbsttagung-baden-wuerttemberg-und-rheinland-pfalz-saarland-2014","status":"publish","type":"post","link":"https:\/\/verband-deutscher-falkner.de\/rpsl\/2014\/11\/23\/herbsttagung-baden-wuerttemberg-und-rheinland-pfalz-saarland-2014\/","title":{"rendered":"Herbsttagung Baden-W\u00fcrttemberg und Rheinland-Pfalz\/Saarland 2014"},"content":{"rendered":"\n<p>Vom 21.-23. November 2014 fand die erste gemeinsame Herbsttagung der VDF-Landesverb\u00e4nde Baden-W\u00fcrttemberg und Rheinland-Pfalz-Saarland in Karlsruhe statt. \u00dcber 40 Teilnehmer aus den erw\u00e4hnten Bundesl\u00e4ndern, sowie G\u00e4ste aus Th\u00fcringen folgten der Einladung.<\/p>\n\n\n\n<p>Der LV-Vorsitzende von RPS Rudolf Lehmann er\u00f6ffnete am Freitagabend die Tagung, danach sprachen der LV-Vorsitzende von BW Daniel M\u00fcller und der VDF-Bundesgesch\u00e4ftsf\u00fchrer Andr\u00e9 Maslo weitere Gru\u00dfworte. Letzterer hielt im Anschluss auch den Festvortrag \u201eZu Sprache und Geschichte der \u201eHabichtslehren\u201c-Forschungsergebnisse zu den \u00e4ltesten deutschen Texten \u00fcber die Beizjagd\u201c, der vom Publikum begeistert aufgenommen und diskutiert wurde.<\/p>\n\n\n\n<p>Am Samstagmorgen brachen, nach einem kr\u00e4ftigen Fr\u00fchst\u00fcck und dem anschlie\u00dfendem Beizvogelappell, alle aktiven Falkner und Zuschauer in die Jagdreviere auf. In Begleitung des SWR-Fernsehens wurde dann ganztags auf Kaninchen und Kr\u00e4hen gebeizt. Am Ende des Tages konnte im flackernden Schein der Schwedenfeuer die durchaus ansehnliche Strecke verblasen werden: Mit insgesamt 15 Jagdv\u00f6geln (Habichte und Harris Hawks) waren 16 Kaninchen und 8 Kr\u00e4hen gebeizt worden. Beim nachfolgenden \u201eGr\u00fcnen Abend\u201c, der durch die Heimsheimer Jagdhornl\u00e4ser erstklassig musikalisch umrahmt wurde, kamen die Tagungsg\u00e4ste nicht nur kulinarisch auf ihre Kosten, sondern hatten bei einer eigens organisierten \u201eFalknertombola\u201c zudem Chancen auf interessante Sachpreise. Hierf\u00fcr hatten neben Privatpersonen, wie den beiden LV-Vorsitzenden, auch Falknereiausr\u00fcster, wie&nbsp;<a href=\"http:\/\/www.falkner-shop.de\/\">www.falkner-shop.de<\/a>&nbsp;und&nbsp;<a href=\"http:\/\/www.macfalcon.nl\/\">www.macfalcon.nl<\/a>&nbsp;gro\u00dfz\u00fcgig gespendet. Ihnen allen einen herzlichen Falknersdank!<\/p>\n\n\n\n<p>Mit einem gemeinsamen Falknerfr\u00fchst\u00fcck fand das Treffen am Sonntagmorgen einen w\u00fcrdigen Abschluss.<\/p>\n","protected":false},"excerpt":{"rendered":"<p>Vom 21.-23. November 2014 fand die erste gemeinsame Herbsttagung der VDF-Landesverb\u00e4nde Baden-W\u00fcrttemberg und Rheinland-Pfalz-Saarland in Karlsruhe statt. \u00dcber 40 Teilnehmer aus den erw\u00e4hnten Bundesl\u00e4ndern, sowie G\u00e4ste aus Th\u00fcringen folgten der Einladung. Der LV-Vorsitzende von&#46;&#46;&#46;<\/p>\n","protected":false},"author":10,"featured_media":178,"comment_status":"closed","ping_status":"open","sticky":false,"template":"","format":"standard","meta":{"_uag_custom_page_level_css":"","_coblocks_attr":"","_coblocks_dimensions":"","_coblocks_responsive_height":"","_coblocks_accordion_ie_support":"","pgc_sgb_lightbox_settings":"","footnotes":""},"categories":[8],"tags":[],"class_list":["post-177","post","type-post","status-publish","format-standard","has-post-thumbnail","hentry","category-archiv"],"uagb_featured_image_src":{"full":["https:\/\/verband-deutscher-falkner.de\/rpsl\/wp-content\/uploads\/sites\/5\/2024\/01\/verband-deutscher-falkner_tagung1-188419f4.jpg",200,133,false],"thumbnail":["https:\/\/verband-deutscher-falkner.de\/rpsl\/wp-content\/uploads\/sites\/5\/2024\/01\/verband-deutscher-falkner_tagung1-188419f4-150x133.jpg",150,133,true],"medium":["https:\/\/verband-deutscher-falkner.de\/rpsl\/wp-content\/uploads\/sites\/5\/2024\/01\/verband-deutscher-falkner_tagung1-188419f4.jpg",200,133,false],"medium_large":["https:\/\/verband-deutscher-falkner.de\/rpsl\/wp-content\/uploads\/sites\/5\/2024\/01\/verband-deutscher-falkner_tagung1-188419f4.jpg",200,133,false],"large":["https:\/\/verband-deutscher-falkner.de\/rpsl\/wp-content\/uploads\/sites\/5\/2024\/01\/verband-deutscher-falkner_tagung1-188419f4.jpg",200,133,false],"1536x1536":["https:\/\/verband-deutscher-falkner.de\/rpsl\/wp-content\/uploads\/sites\/5\/2024\/01\/verband-deutscher-falkner_tagung1-188419f4.jpg",200,133,false],"2048x2048":["https:\/\/verband-deutscher-falkner.de\/rpsl\/wp-content\/uploads\/sites\/5\/2024\/01\/verband-deutscher-falkner_tagung1-188419f4.jpg",200,133,false],"thumb-small":["https:\/\/verband-deutscher-falkner.de\/rpsl\/wp-content\/uploads\/sites\/5\/2024\/01\/verband-deutscher-falkner_tagung1-188419f4-80x80.jpg",80,80,true],"thumb-standard":["https:\/\/verband-deutscher-falkner.de\/rpsl\/wp-content\/uploads\/sites\/5\/2024\/01\/verband-deutscher-falkner_tagung1-188419f4.jpg",200,133,false],"thumb-medium":["https:\/\/verband-deutscher-falkner.de\/rpsl\/wp-content\/uploads\/sites\/5\/2024\/01\/verband-deutscher-falkner_tagung1-188419f4.jpg",200,133,false],"thumb-large":["https:\/\/verband-deutscher-falkner.de\/rpsl\/wp-content\/uploads\/sites\/5\/2024\/01\/verband-deutscher-falkner_tagung1-188419f4.jpg",200,133,false],"thumb-xlarge":["https:\/\/verband-deutscher-falkner.de\/rpsl\/wp-content\/uploads\/sites\/5\/2024\/01\/verband-deutscher-falkner_tagung1-188419f4.jpg",200,133,false],"thumb-xxlarge":["https:\/\/verband-deutscher-falkner.de\/rpsl\/wp-content\/uploads\/sites\/5\/2024\/01\/verband-deutscher-falkner_tagung1-188419f4.jpg",200,133,false]},"uagb_author_info":{"display_name":"Kerstin Luxburg","author_link":"https:\/\/verband-deutscher-falkner.de\/rpsl\/author\/kerstinluxburg\/"},"uagb_comment_info":0,"uagb_excerpt":"Vom 21.-23. November 2014 fand die erste gemeinsame Herbsttagung der VDF-Landesverb\u00e4nde Baden-W\u00fcrttemberg und Rheinland-Pfalz-Saarland in Karlsruhe statt. \u00dcber 40 Teilnehmer aus den erw\u00e4hnten Bundesl\u00e4ndern, sowie G\u00e4ste aus Th\u00fcringen folgten der Einladung. Der LV-Vorsitzende von&#46;&#46;&#46;","_links":{"self":[{"href":"https:\/\/verband-deutscher-falkner.de\/rpsl\/wp-json\/wp\/v2\/posts\/177","targetHints":{"allow":["GET"]}}],"collection":[{"href":"https:\/\/verband-deutscher-falkner.de\/rpsl\/wp-json\/wp\/v2\/posts"}],"about":[{"href":"https:\/\/verband-deutscher-falkner.de\/rpsl\/wp-json\/wp\/v2\/types\/post"}],"author":[{"embeddable":true,"href":"https:\/\/verband-deutscher-falkner.de\/rpsl\/wp-json\/wp\/v2\/users\/10"}],"replies":[{"embeddable":true,"href":"https:\/\/verband-deutscher-falkner.de\/rpsl\/wp-json\/wp\/v2\/comments?post=177"}],"version-history":[{"count":1,"href":"https:\/\/verband-deutscher-falkner.de\/rpsl\/wp-json\/wp\/v2\/posts\/177\/revisions"}],"predecessor-version":[{"id":179,"href":"https:\/\/verband-deutscher-falkner.de\/rpsl\/wp-json\/wp\/v2\/posts\/177\/revisions\/179"}],"wp:featuredmedia":[{"embeddable":true,"href":"https:\/\/verband-deutscher-falkner.de\/rpsl\/wp-json\/wp\/v2\/media\/178"}],"wp:attachment":[{"href":"https:\/\/verband-deutscher-falkner.de\/rpsl\/wp-json\/wp\/v2\/media?parent=177"}],"wp:term":[{"taxonomy":"category","embeddable":true,"href":"https:\/\/verband-deutscher-falkner.de\/rpsl\/wp-json\/wp\/v2\/categories?post=177"},{"taxonomy":"post_tag","embeddable":true,"href":"https:\/\/verband-deutscher-falkner.de\/rpsl\/wp-json\/wp\/v2\/tags?post=177"}],"curies":[{"name":"wp","href":"https:\/\/api.w.org\/{rel}","templated":true}]}}