{"id":202,"date":"2023-12-10T20:17:01","date_gmt":"2023-12-10T19:17:01","guid":{"rendered":"https:\/\/verband-deutscher-falkner.de\/rpsl\/?p=202"},"modified":"2024-02-04T20:44:46","modified_gmt":"2024-02-04T19:44:46","slug":"herbstbeize-landesverband","status":"publish","type":"post","link":"https:\/\/verband-deutscher-falkner.de\/rpsl\/2023\/12\/10\/herbstbeize-landesverband\/","title":{"rendered":"Herbstbeize Landesverband RLP\/S 2023"},"content":{"rendered":"\n<p>Am 10. Dezember 2023 fand unsere allj\u00e4hrliche Herbstbeize in Gross-Gerau statt.<\/p>\n\n\n\n<p>Wie jedes Jahr fanden sich ca. 10 Falkner plus ihre Helfer ein, um gemeinsam auf Kaninchen-Beize zu gehen. Trotz widriger Umst\u00e4nde in Form von starkem Wind konnten 4 Kaninchen gebeizt werden. Unsere Helfer sowie Frettchen und  Frettchenf\u00fchrer machten dies unseren V\u00f6gel und Falkner m\u00f6glich. <\/p>\n\n\n\n<p>Nach einem sch\u00f6nen sonnigen aber windig-kaltem Tag gab es einen leckeren Eintopf in der beheizten Stube des Jagdp\u00e4chters.<\/p>\n\n\n\n<p>Vielen Dank f\u00fcr die Vorbereitung an den Vorstand und den Jagdp\u00e4chter, wir kommen wie immer wieder gerne.<\/p>\n\n\n<div class=\"wp-block-image\">\n<figure class=\"alignleft size-full is-resized\"><img fetchpriority=\"high\" decoding=\"async\" width=\"588\" height=\"678\" src=\"https:\/\/verband-deutscher-falkner.de\/rpsl\/wp-content\/uploads\/sites\/5\/2024\/02\/Medien-2-1.jpg\" alt=\"\" class=\"wp-image-211\" style=\"width:483px;height:auto\" srcset=\"https:\/\/verband-deutscher-falkner.de\/rpsl\/wp-content\/uploads\/sites\/5\/2024\/02\/Medien-2-1.jpg 588w, https:\/\/verband-deutscher-falkner.de\/rpsl\/wp-content\/uploads\/sites\/5\/2024\/02\/Medien-2-1-260x300.jpg 260w\" sizes=\"(max-width: 588px) 100vw, 588px\" \/><figcaption class=\"wp-element-caption\">J. Kohn mit Habicht @KL<\/figcaption><\/figure><\/div>\n\n<div class=\"wp-block-image\">\n<figure class=\"alignleft size-full is-resized\"><img decoding=\"async\" width=\"662\" height=\"550\" data-src=\"https:\/\/verband-deutscher-falkner.de\/rpsl\/wp-content\/uploads\/sites\/5\/2024\/02\/Medien-1-1.jpg\" alt=\"\" class=\"wp-image-209 lazyload\" style=\"--smush-placeholder-width: 662px; --smush-placeholder-aspect-ratio: 662\/550;width:673px;height:auto\" data-srcset=\"https:\/\/verband-deutscher-falkner.de\/rpsl\/wp-content\/uploads\/sites\/5\/2024\/02\/Medien-1-1.jpg 662w, https:\/\/verband-deutscher-falkner.de\/rpsl\/wp-content\/uploads\/sites\/5\/2024\/02\/Medien-1-1-300x249.jpg 300w\" data-sizes=\"(max-width: 662px) 100vw, 662px\" src=\"data:image\/gif;base64,R0lGODlhAQABAAAAACH5BAEKAAEALAAAAAABAAEAAAICTAEAOw==\" \/><figcaption class=\"wp-element-caption\">D. Luchsberg mit Harris Hawk @KL<\/figcaption><\/figure><\/div>","protected":false},"excerpt":{"rendered":"<p>Am 10. Dezember 2023 fand unsere allj\u00e4hrliche Herbstbeize in Gross-Gerau statt. Wie jedes Jahr fanden sich ca. 10 Falkner plus ihre Helfer ein, um gemeinsam auf Kaninchen-Beize zu gehen. Trotz widriger Umst\u00e4nde in Form&#46;&#46;&#46;<\/p>\n","protected":false},"author":10,"featured_media":0,"comment_status":"closed","ping_status":"open","sticky":false,"template":"","format":"standard","meta":{"_uag_custom_page_level_css":"","_coblocks_attr":"","_coblocks_dimensions":"","_coblocks_responsive_height":"","_coblocks_accordion_ie_support":"","pgc_sgb_lightbox_settings":"","footnotes":""},"categories":[4],"tags":[],"class_list":["post-202","post","type-post","status-publish","format-standard","hentry","category-aktuelles"],"uagb_featured_image_src":{"full":false,"thumbnail":false,"medium":false,"medium_large":false,"large":false,"1536x1536":false,"2048x2048":false,"thumb-small":false,"thumb-standard":false,"thumb-medium":false,"thumb-large":false,"thumb-xlarge":false,"thumb-xxlarge":false},"uagb_author_info":{"display_name":"Kerstin Luxburg","author_link":"https:\/\/verband-deutscher-falkner.de\/rpsl\/author\/kerstinluxburg\/"},"uagb_comment_info":0,"uagb_excerpt":"Am 10. Dezember 2023 fand unsere allj\u00e4hrliche Herbstbeize in Gross-Gerau statt. Wie jedes Jahr fanden sich ca. 10 Falkner plus ihre Helfer ein, um gemeinsam auf Kaninchen-Beize zu gehen. Trotz widriger Umst\u00e4nde in Form&#46;&#46;&#46;","_links":{"self":[{"href":"https:\/\/verband-deutscher-falkner.de\/rpsl\/wp-json\/wp\/v2\/posts\/202","targetHints":{"allow":["GET"]}}],"collection":[{"href":"https:\/\/verband-deutscher-falkner.de\/rpsl\/wp-json\/wp\/v2\/posts"}],"about":[{"href":"https:\/\/verband-deutscher-falkner.de\/rpsl\/wp-json\/wp\/v2\/types\/post"}],"author":[{"embeddable":true,"href":"https:\/\/verband-deutscher-falkner.de\/rpsl\/wp-json\/wp\/v2\/users\/10"}],"replies":[{"embeddable":true,"href":"https:\/\/verband-deutscher-falkner.de\/rpsl\/wp-json\/wp\/v2\/comments?post=202"}],"version-history":[{"count":6,"href":"https:\/\/verband-deutscher-falkner.de\/rpsl\/wp-json\/wp\/v2\/posts\/202\/revisions"}],"predecessor-version":[{"id":217,"href":"https:\/\/verband-deutscher-falkner.de\/rpsl\/wp-json\/wp\/v2\/posts\/202\/revisions\/217"}],"wp:attachment":[{"href":"https:\/\/verband-deutscher-falkner.de\/rpsl\/wp-json\/wp\/v2\/media?parent=202"}],"wp:term":[{"taxonomy":"category","embeddable":true,"href":"https:\/\/verband-deutscher-falkner.de\/rpsl\/wp-json\/wp\/v2\/categories?post=202"},{"taxonomy":"post_tag","embeddable":true,"href":"https:\/\/verband-deutscher-falkner.de\/rpsl\/wp-json\/wp\/v2\/tags?post=202"}],"curies":[{"name":"wp","href":"https:\/\/api.w.org\/{rel}","templated":true}]}}