{"id":242,"date":"2024-10-02T12:05:37","date_gmt":"2024-10-02T10:05:37","guid":{"rendered":"https:\/\/verband-deutscher-falkner.de\/rpsl\/?p=242"},"modified":"2024-10-05T12:12:19","modified_gmt":"2024-10-05T10:12:19","slug":"bald-auch-falknerpruefung-in-rheinland-pfalz-moeglich","status":"publish","type":"post","link":"https:\/\/verband-deutscher-falkner.de\/rpsl\/2024\/10\/02\/bald-auch-falknerpruefung-in-rheinland-pfalz-moeglich\/","title":{"rendered":"Bald auch Falknerpr\u00fcfung in Rheinland-Pfalz m\u00f6glich"},"content":{"rendered":"\n<div class=\"wp-block-columns is-layout-flex wp-container-core-columns-is-layout-1 wp-block-columns-is-layout-flex\">\n<div class=\"wp-block-column is-layout-flow wp-block-column-is-layout-flow\" style=\"flex-basis:100%\">\n<p>Vor wenigen Tagen haben sich die Vorsitzenden der beiden in Rheinland-Pfalz aktiven Falknerverb\u00e4nde mit dem LJV in Gensingen getroffen und die Grundz\u00fcge einer Kooperation erarbeitet.<br>Frau Dr. Sabine Schmitt &#8211; Vorsitzende des Landesverbandes Deutscher Falkenorden (DFO), Dr. Andreas Wittke &#8211; Vorsitzender des Landesverbandes Verband Deutscher Falkner (VDF) und Oliver Schmidt &#8211; Obmann f\u00fcr Greifvogelrehabilitation des Bundesverbandes des VDF setzten mit LJV GF Dr. Sven Bischoff und dem Leiter der Landesjagdakademie Christoph Hildebrandt den Grundstein der Falknerausbildung. Diese wird als Kooperationsprojekt der drei genannten Verb\u00e4nde in den R\u00e4umlichkeiten des Landesjagdverbandes stattfinden.<br>Der erste Ausbildungskurs zum Falkner mit Pr\u00fcfung soll bereits im Herbst 2025 stattfinden. Wir freuen uns sehr auf diese Zusammenarbeit.<\/p>\n\n\n\n<p class=\"has-text-align-center\"><img fetchpriority=\"high\" decoding=\"async\" width=\"300\" height=\"400\" class=\"wp-image-244\" style=\"width: 300px;\" src=\"https:\/\/verband-deutscher-falkner.de\/rpsl\/wp-content\/uploads\/sites\/5\/2024\/10\/WhatsApp-Image-2024-10-02-at-18.55.21.jpeg\" alt=\"\" srcset=\"https:\/\/verband-deutscher-falkner.de\/rpsl\/wp-content\/uploads\/sites\/5\/2024\/10\/WhatsApp-Image-2024-10-02-at-18.55.21.jpeg 1200w, https:\/\/verband-deutscher-falkner.de\/rpsl\/wp-content\/uploads\/sites\/5\/2024\/10\/WhatsApp-Image-2024-10-02-at-18.55.21-225x300.jpeg 225w, https:\/\/verband-deutscher-falkner.de\/rpsl\/wp-content\/uploads\/sites\/5\/2024\/10\/WhatsApp-Image-2024-10-02-at-18.55.21-768x1024.jpeg 768w, https:\/\/verband-deutscher-falkner.de\/rpsl\/wp-content\/uploads\/sites\/5\/2024\/10\/WhatsApp-Image-2024-10-02-at-18.55.21-1152x1536.jpeg 1152w\" sizes=\"(max-width: 300px) 100vw, 300px\" \/><\/p>\n<\/div>\n<\/div>\n\n\n\n<p><\/p>\n","protected":false},"excerpt":{"rendered":"<p>Vor wenigen Tagen haben sich die Vorsitzenden der beiden in Rheinland-Pfalz aktiven Falknerverb\u00e4nde mit dem LJV in Gensingen getroffen und die Grundz\u00fcge einer Kooperation erarbeitet.Frau Dr. Sabine Schmitt &#8211; Vorsitzende des Landesverbandes Deutscher Falkenorden&#46;&#46;&#46;<\/p>\n","protected":false},"author":10,"featured_media":0,"comment_status":"closed","ping_status":"open","sticky":false,"template":"","format":"standard","meta":{"_uag_custom_page_level_css":"","_coblocks_attr":"","_coblocks_dimensions":"","_coblocks_responsive_height":"","_coblocks_accordion_ie_support":"","pgc_sgb_lightbox_settings":"","footnotes":""},"categories":[4],"tags":[],"class_list":["post-242","post","type-post","status-publish","format-standard","hentry","category-aktuelles"],"uagb_featured_image_src":{"full":false,"thumbnail":false,"medium":false,"medium_large":false,"large":false,"1536x1536":false,"2048x2048":false,"thumb-small":false,"thumb-standard":false,"thumb-medium":false,"thumb-large":false,"thumb-xlarge":false,"thumb-xxlarge":false},"uagb_author_info":{"display_name":"Kerstin Luxburg","author_link":"https:\/\/verband-deutscher-falkner.de\/rpsl\/author\/kerstinluxburg\/"},"uagb_comment_info":0,"uagb_excerpt":"Vor wenigen Tagen haben sich die Vorsitzenden der beiden in Rheinland-Pfalz aktiven Falknerverb\u00e4nde mit dem LJV in Gensingen getroffen und die Grundz\u00fcge einer Kooperation erarbeitet.Frau Dr. Sabine Schmitt &#8211; Vorsitzende des Landesverbandes Deutscher Falkenorden&#46;&#46;&#46;","_links":{"self":[{"href":"https:\/\/verband-deutscher-falkner.de\/rpsl\/wp-json\/wp\/v2\/posts\/242","targetHints":{"allow":["GET"]}}],"collection":[{"href":"https:\/\/verband-deutscher-falkner.de\/rpsl\/wp-json\/wp\/v2\/posts"}],"about":[{"href":"https:\/\/verband-deutscher-falkner.de\/rpsl\/wp-json\/wp\/v2\/types\/post"}],"author":[{"embeddable":true,"href":"https:\/\/verband-deutscher-falkner.de\/rpsl\/wp-json\/wp\/v2\/users\/10"}],"replies":[{"embeddable":true,"href":"https:\/\/verband-deutscher-falkner.de\/rpsl\/wp-json\/wp\/v2\/comments?post=242"}],"version-history":[{"count":3,"href":"https:\/\/verband-deutscher-falkner.de\/rpsl\/wp-json\/wp\/v2\/posts\/242\/revisions"}],"predecessor-version":[{"id":246,"href":"https:\/\/verband-deutscher-falkner.de\/rpsl\/wp-json\/wp\/v2\/posts\/242\/revisions\/246"}],"wp:attachment":[{"href":"https:\/\/verband-deutscher-falkner.de\/rpsl\/wp-json\/wp\/v2\/media?parent=242"}],"wp:term":[{"taxonomy":"category","embeddable":true,"href":"https:\/\/verband-deutscher-falkner.de\/rpsl\/wp-json\/wp\/v2\/categories?post=242"},{"taxonomy":"post_tag","embeddable":true,"href":"https:\/\/verband-deutscher-falkner.de\/rpsl\/wp-json\/wp\/v2\/tags?post=242"}],"curies":[{"name":"wp","href":"https:\/\/api.w.org\/{rel}","templated":true}]}}